{"id":8196,"date":"2016-12-14T15:16:10","date_gmt":"2016-12-14T15:16:10","guid":{"rendered":"https:\/\/www.brabbu.com\/en\/news-events\/?p=8196"},"modified":"2018-09-14T11:31:40","modified_gmt":"2018-09-14T11:31:40","slug":"maison-et-objet-hall-7-scene-dinterieur-by-noe-duchaufour-lawrence","status":"publish","type":"post","link":"https:\/\/www.brabbu.com\/en\/news-events\/events\/maison-et-objet-hall-7-scene-dinterieur-by-noe-duchaufour-lawrence","title":{"rendered":"Maison et Objet: Hall 7, Sc\u00e8ne d&#8217;int\u00e9rieur by No\u00e9 Duchaufour-Lawrence"},"content":{"rendered":"\n<p>\u00a0<\/p>\n<p><a href=\"https:\/\/www.brabbu.com\/en\/news-and-events\/2017\/M-O\/\" target=\"_blank\" rel=\"noopener\" title=\"\"><em><strong>Maison et Objet<\/strong><\/em><\/a>, the 5-day event that begins on the 20th January and results in thousands of visitors daily, is having a special participation: <em><strong>No\u00e9 Duchaufour-Lawrence<\/strong><\/em>. The <em><strong>french designer<\/strong><\/em> is pleased to present the scenography of Hall 7, <em><strong>Sc\u00e8ne d\u2019int\u00e9rieur<\/strong><\/em>, a new collaboration with the publishing house Tabisso, as well as new projects with Cinna and Ga\u00efa and Gino.<\/p>\n<a class=\"bannerDinamicAction\" href=\"https:\/\/www.brabbu.com\/2020-book?utm_source=brabbu-news&amp;utm_medium=dynamicbanner-articlebanner&amp;utm_campaign=catalogue&amp;utm_term=1801&amp;utm_content=bb_book2020\" target=\"_blank\" data-imageid=\"1801\" title=\"\">\n    <img class=\"img-responsive\" src=\"https:\/\/brabbu.com\/banners_impact\/articlebanner\/blog%20artigo%20(1).jpg\" alt=\"BB_Book2020\"><\/a>\n<p><a href=\"https:\/\/www.brabbu.com\/en\/news-events\/interior-design\/meet-the-hotel-the-month-designed-pierre-yves-rochon\" target=\"_blank\" rel=\"noopener\" title=\"\"><strong>See also: MEET THE HOTEL OF THE MONTH, DESIGNED BY PIERRE-YVES ROCHON<\/strong><\/a><\/p>\n<p><img loading=\"lazy\" class=\"alignnone wp-image-8197 size-full\" src=\"https:\/\/www.brabbu.com\/en\/news-events\/wp-content\/uploads\/2016\/12\/Maison-et-Objet-Hall-7-Sc%C3%A8ne-dint%C3%A9rieur-by-No%C3%A9-Duchaufour-Lawrence-1.jpg\" alt=\"Maison et Objet: Hall 7, Sc\u00e8ne d'int\u00e9rieur by No\u00e9 Duchaufour-Lawrence\" width=\"640\" height=\"365\" srcset=\"https:\/\/www.brabbu.com\/en\/news-events\/wp-content\/uploads\/2016\/12\/Maison-et-Objet-Hall-7-Sc\u00e8ne-dint\u00e9rieur-by-No\u00e9-Duchaufour-Lawrence-1.jpg 640w, https:\/\/www.brabbu.com\/en\/news-events\/wp-content\/uploads\/2016\/12\/Maison-et-Objet-Hall-7-Sc\u00e8ne-dint\u00e9rieur-by-No\u00e9-Duchaufour-Lawrence-1-300x171.jpg 300w, https:\/\/www.brabbu.com\/en\/news-events\/wp-content\/uploads\/2016\/12\/Maison-et-Objet-Hall-7-Sc\u00e8ne-dint\u00e9rieur-by-No\u00e9-Duchaufour-Lawrence-1-350x200.jpg 350w\" sizes=\"(max-width: 640px) 100vw, 640px\"><\/p>\n<p>Symbolizing the universe of luxury to which Halls 7 and 8 tend, No\u00e9 has decided to echo the architectural symbols of Haussmannian Paris. The moldings and parquet flooring, as well as the caf\u00e9, evoke refined comfort. Linked by the same creative force that combines a quest for research with excellence, the designer will reveal to projects at Sc\u00e8ne d\u2019int\u00e9rieur Gallery (Hall 7) and Sc\u00e8ne d\u2019int\u00e9rieur Paris (Hall 8). The flooring has been redesigned to reflect a new signature (that of lettering or signage).<\/p>\n<p><img loading=\"lazy\" class=\"alignnone wp-image-8199 size-full\" src=\"https:\/\/www.brabbu.com\/en\/news-events\/wp-content\/uploads\/2016\/12\/Maison-et-Objet-Hall-7-Sc%C3%A8ne-dint%C3%A9rieur-by-No%C3%A9-Duchaufour-Lawrence-3.jpg\" alt=\"Maison et Objet: Hall 7, Sc\u00e8ne d'int\u00e9rieur by No\u00e9 Duchaufour-Lawrence\" width=\"640\" height=\"454\" srcset=\"https:\/\/www.brabbu.com\/en\/news-events\/wp-content\/uploads\/2016\/12\/Maison-et-Objet-Hall-7-Sc\u00e8ne-dint\u00e9rieur-by-No\u00e9-Duchaufour-Lawrence-3.jpg 640w, https:\/\/www.brabbu.com\/en\/news-events\/wp-content\/uploads\/2016\/12\/Maison-et-Objet-Hall-7-Sc\u00e8ne-dint\u00e9rieur-by-No\u00e9-Duchaufour-Lawrence-3-300x213.jpg 300w, https:\/\/www.brabbu.com\/en\/news-events\/wp-content\/uploads\/2016\/12\/Maison-et-Objet-Hall-7-Sc\u00e8ne-dint\u00e9rieur-by-No\u00e9-Duchaufour-Lawrence-3-350x248.jpg 350w\" sizes=\"(max-width: 640px) 100vw, 640px\"> <img loading=\"lazy\" class=\"alignnone wp-image-8200 size-full\" src=\"https:\/\/www.brabbu.com\/en\/news-events\/wp-content\/uploads\/2016\/12\/Maison-et-Objet-Hall-7-Sc%C3%A8ne-dint%C3%A9rieur-by-No%C3%A9-Duchaufour-Lawrence-4.jpg\" alt=\"Maison et Objet: Hall 7, Sc\u00e8ne d'int\u00e9rieur by No\u00e9 Duchaufour-Lawrence\" width=\"640\" height=\"425\" srcset=\"https:\/\/www.brabbu.com\/en\/news-events\/wp-content\/uploads\/2016\/12\/Maison-et-Objet-Hall-7-Sc\u00e8ne-dint\u00e9rieur-by-No\u00e9-Duchaufour-Lawrence-4.jpg 640w, https:\/\/www.brabbu.com\/en\/news-events\/wp-content\/uploads\/2016\/12\/Maison-et-Objet-Hall-7-Sc\u00e8ne-dint\u00e9rieur-by-No\u00e9-Duchaufour-Lawrence-4-300x199.jpg 300w, https:\/\/www.brabbu.com\/en\/news-events\/wp-content\/uploads\/2016\/12\/Maison-et-Objet-Hall-7-Sc\u00e8ne-dint\u00e9rieur-by-No\u00e9-Duchaufour-Lawrence-4-350x232.jpg 350w\" sizes=\"(max-width: 640px) 100vw, 640px\"> <img loading=\"lazy\" class=\"alignnone wp-image-8201 size-full\" src=\"https:\/\/www.brabbu.com\/en\/news-events\/wp-content\/uploads\/2016\/12\/Maison-et-Objet-Hall-7-Sc%C3%A8ne-dint%C3%A9rieur-by-No%C3%A9-Duchaufour-Lawrence-5.jpg\" alt=\"Maison et Objet: Hall 7, Sc\u00e8ne d'int\u00e9rieur by No\u00e9 Duchaufour-Lawrence\" width=\"640\" height=\"427\" srcset=\"https:\/\/www.brabbu.com\/en\/news-events\/wp-content\/uploads\/2016\/12\/Maison-et-Objet-Hall-7-Sc\u00e8ne-dint\u00e9rieur-by-No\u00e9-Duchaufour-Lawrence-5.jpg 640w, https:\/\/www.brabbu.com\/en\/news-events\/wp-content\/uploads\/2016\/12\/Maison-et-Objet-Hall-7-Sc\u00e8ne-dint\u00e9rieur-by-No\u00e9-Duchaufour-Lawrence-5-300x200.jpg 300w, https:\/\/www.brabbu.com\/en\/news-events\/wp-content\/uploads\/2016\/12\/Maison-et-Objet-Hall-7-Sc\u00e8ne-dint\u00e9rieur-by-No\u00e9-Duchaufour-Lawrence-5-350x234.jpg 350w\" sizes=\"(max-width: 640px) 100vw, 640px\"><\/p>\n<p>At the beginning No\u00e9 Duchaufour-Lawrence started his creative endeavours with sculpture, inhabited by an intimate relationship and connection to nature that could be transcribed or molded by his hands. In his work he arouses emotion through the utility of forms that become obvious to those who appreciate deeply the coupling of beauty and necessity, harmony and responsibility.<\/p>\n<p><img loading=\"lazy\" class=\"alignnone wp-image-8198 size-full\" src=\"https:\/\/www.brabbu.com\/en\/news-events\/wp-content\/uploads\/2016\/12\/Maison-et-Objet-Hall-7-Sc%C3%A8ne-dint%C3%A9rieur-by-No%C3%A9-Duchaufour-Lawrence-2.jpg\" alt=\"Maison et Objet: Hall 7, Sc\u00e8ne d'int\u00e9rieur by No\u00e9 Duchaufour-Lawrence\" width=\"640\" height=\"640\" srcset=\"https:\/\/www.brabbu.com\/en\/news-events\/wp-content\/uploads\/2016\/12\/Maison-et-Objet-Hall-7-Sc\u00e8ne-dint\u00e9rieur-by-No\u00e9-Duchaufour-Lawrence-2.jpg 640w, https:\/\/www.brabbu.com\/en\/news-events\/wp-content\/uploads\/2016\/12\/Maison-et-Objet-Hall-7-Sc\u00e8ne-dint\u00e9rieur-by-No\u00e9-Duchaufour-Lawrence-2-150x150.jpg 150w, https:\/\/www.brabbu.com\/en\/news-events\/wp-content\/uploads\/2016\/12\/Maison-et-Objet-Hall-7-Sc\u00e8ne-dint\u00e9rieur-by-No\u00e9-Duchaufour-Lawrence-2-300x300.jpg 300w, https:\/\/www.brabbu.com\/en\/news-events\/wp-content\/uploads\/2016\/12\/Maison-et-Objet-Hall-7-Sc\u00e8ne-dint\u00e9rieur-by-No\u00e9-Duchaufour-Lawrence-2-350x350.jpg 350w\" sizes=\"(max-width: 640px) 100vw, 640px\"><\/p>\n<p>Like an organic pulse within a discipline dedicated above all to respond to the demands of the industry, market or client. Thus, he does not limit himself in the projects that he develops, as ready to design objects for inspired lines for design manufacturers as to compose harmonious living areas as well as to define the image of a product or a showcase for a famous brand. Inhabited by a legacy for art nouveau, No\u00e9 Duchaufour-Lawrance refers not only to the universal character of nature to impose forms which make sense but in addition states that the concept of total art is henceforth fundamental to contemporary creation.<\/p>\n<p><a href=\"https:\/\/www.brabbu.com\/en\/news-events\/events\/pierre-charpin-maison-et-objet-paris-2017-designer-the-year\" target=\"_blank\" rel=\"noopener\" title=\"\"><strong>See also:\u00a0PIERRE CHARPIN, MAISON ET OBJET PARIS 2017 DESIGNER OF THE YEAR<\/strong><\/a><\/p>\n<a class=\"bannerDinamicAction\" href=\"https:\/\/www.brabbu.com\/stock\/?utm_source=brabbu-news&amp;utm_medium=ArticleBanner&amp;utm_campaign=DynamicBanners&amp;utm_term=473&amp;utm_content=productinstock\" target=\"_blank\" data-imageid=\"473\" title=\"\">\n    <img class=\"img-responsive\" src=\"https:\/\/brabbu.com\/banners_impact\/ArticleBanner\/%5E5F35953ECF6A163FA903B93D032FDB0E52BAB3DB5AB9400B7C%5Epimgpsh_fullsize_distr.jpg\" alt=\"product in stock\"><\/a>\n<p><iframe loading=\"lazy\" width=\"700\" height=\"394\" src=\"https:\/\/www.youtube.com\/embed\/zD3uSTcydu4?feature=oembed\" frameborder=\"0\" allow=\"autoplay; encrypted-media\" allowfullscreen><\/iframe><\/p>\n","protected":false},"excerpt":{"rendered":"<p class=\"post-excerpt\">\u00a0 Maison et Objet, the 5-day event that begins on the 20th January and results in thousands of visitors daily,&#8230;<\/p>\n","protected":false},"author":2,"featured_media":8199,"comment_status":"open","ping_status":"open","sticky":false,"template":"","format":"standard","meta":[],"categories":[13],"tags":[2888,1175,799,2887,1078,2885,2886],"_links":{"self":[{"href":"https:\/\/www.brabbu.com\/en\/news-events\/wp-json\/wp\/v2\/posts\/8196"}],"collection":[{"href":"https:\/\/www.brabbu.com\/en\/news-events\/wp-json\/wp\/v2\/posts"}],"about":[{"href":"https:\/\/www.brabbu.com\/en\/news-events\/wp-json\/wp\/v2\/types\/post"}],"author":[{"embeddable":true,"href":"https:\/\/www.brabbu.com\/en\/news-events\/wp-json\/wp\/v2\/users\/2"}],"replies":[{"embeddable":true,"href":"https:\/\/www.brabbu.com\/en\/news-events\/wp-json\/wp\/v2\/comments?post=8196"}],"version-history":[{"count":9,"href":"https:\/\/www.brabbu.com\/en\/news-events\/wp-json\/wp\/v2\/posts\/8196\/revisions"}],"predecessor-version":[{"id":11509,"href":"https:\/\/www.brabbu.com\/en\/news-events\/wp-json\/wp\/v2\/posts\/8196\/revisions\/11509"}],"wp:featuredmedia":[{"embeddable":true,"href":"https:\/\/www.brabbu.com\/en\/news-events\/wp-json\/wp\/v2\/media\/8199"}],"wp:attachment":[{"href":"https:\/\/www.brabbu.com\/en\/news-events\/wp-json\/wp\/v2\/media?parent=8196"}],"wp:term":[{"taxonomy":"category","embeddable":true,"href":"https:\/\/www.brabbu.com\/en\/news-events\/wp-json\/wp\/v2\/categories?post=8196"},{"taxonomy":"post_tag","embeddable":true,"href":"https:\/\/www.brabbu.com\/en\/news-events\/wp-json\/wp\/v2\/tags?post=8196"}],"curies":[{"name":"wp","href":"https:\/\/api.w.org\/{rel}","templated":true}]}}